{"id":5573,"date":"2019-07-07T22:31:03","date_gmt":"2019-07-07T20:31:03","guid":{"rendered":"https:\/\/www.musikverein-stammheim.de\/start\/?p=5573"},"modified":"2022-11-13T17:45:41","modified_gmt":"2022-11-13T15:45:41","slug":"kulinarischer-marktplatz-am-20-und-21-07","status":"publish","type":"post","link":"https:\/\/www.musikverein-stammheim.de\/start\/allgemein\/kulinarischer-marktplatz-am-20-und-21-07\/","title":{"rendered":"Kulinarischer Marktplatz am 20. und 21.07."},"content":{"rendered":"<p>[ezcol_2third]Am 20. und 21. Juli verwandelt der Musikverein die Ortsmitte von Stammheim in einen \u201eKulinarischen Marktplatz\u201c. Das kulinarische Angebot kann sich sehen lassen: Schaschlik \ud83c\udf56, Pizza\ud83c\udf55, Fritierte Calamari\ud83d\udc19 und s\u00fc\u00dfe Cr\u00eapes\ud83e\udd5e. Dabei d\u00fcrfen Klassiker wie Rote Wurst\ud83c\udf2d, Currywurst und Pommes \ud83c\udf5fnicht fehlen. Sonntags gibt es zudem noch Steaks\ud83e\udd69 mit Kartoffelsalat. Eine Cocktail-Bar\ud83c\udf79\u00a0am Samstagabend und Kaffee\u2615\ufe0f und Kuchen\ud83c\udf70 am Sonntag runden das Angebot ab. Der Kulinarische Marktplatz wird musikalisch vom Musikverein <a href=\"https:\/\/www.facebook.com\/Musikverein-Eintracht-R\u00f6tenberg-eV-193343620695991\/\">R\u00f6tenberg<\/a> er\u00f6ffnet. Danach sorgt das <a href=\"https:\/\/www.musikverein-stammheim.de\/start\/orchester\/tanzorchester\/\">Tanzorchester des Musikvereins<\/a> f\u00fcr Stimmung und l\u00e4dt zum Tanzen ein. Am Sonntag ab 11.30 Uhr l\u00e4dt der Musikverein Stammheim dann zum Mittagessen ein. Die Musikvereine aus <a href=\"http:\/\/www.musikverein-aidlingen.de\">Aidlingen<\/a> und <a href=\"https:\/\/www.mv-unterjettingen.de\">Unterjettingen<\/a> sowie die Jugendkapelle Stammheim werden f\u00fcr die musikalische Unterhaltung sorgen.[\/ezcol_2third] [ezcol_1third_end]<\/p>\n<div id=\"attachment_5574\" style=\"width: 642px\" class=\"wp-caption alignleft\"><a href=\"https:\/\/www.musikverein-stammheim.de\/start\/allgemein\/kulinarischer-marktplatz-am-20-und-21-07\/attachment\/enlight33\/#main\" rel=\"attachment wp-att-5574\"><img loading=\"lazy\" decoding=\"async\" aria-describedby=\"caption-attachment-5574\" class=\"size-full wp-image-5574\" src=\"https:\/\/www.musikverein-stammheim.de\/start\/wp-content\/uploads\/2019\/07\/Enlight33.jpg\" alt=\"Kulinarischer Marktplatz\" width=\"632\" height=\"679\" srcset=\"https:\/\/www.musikverein-stammheim.de\/start\/wp-content\/uploads\/2019\/07\/Enlight33.jpg 632w, https:\/\/www.musikverein-stammheim.de\/start\/wp-content\/uploads\/2019\/07\/Enlight33-279x300.jpg 279w\" sizes=\"auto, (max-width: 632px) 100vw, 632px\" \/><\/a><p id=\"caption-attachment-5574\" class=\"wp-caption-text\">Kulinarische und musikalische Leckerbissen gibts es am 20. und 21. wieder in der Stammheimer Ortsmitte<\/p><\/div>\n<p>[\/ezcol_1third_end]<\/p>\n","protected":false},"excerpt":{"rendered":"<p>[ezcol_2third]Am 20. und 21. Juli verwandelt der Musikverein die Ortsmitte von Stammheim in einen \u201eKulinarischen Marktplatz\u201c. Das kulinarische Angebot kann sich sehen lassen: Schaschlik \ud83c\udf56, Pizza\ud83c\udf55, Fritierte Calamari\ud83d\udc19 und s\u00fc\u00dfe <a class=\"more-link\" href=\"https:\/\/www.musikverein-stammheim.de\/start\/allgemein\/kulinarischer-marktplatz-am-20-und-21-07\/\">Weiterlesen \u2192<\/a><\/p>\n","protected":false},"author":1,"featured_media":0,"comment_status":"closed","ping_status":"closed","sticky":false,"template":"","format":"standard","meta":{"footnotes":""},"categories":[1],"tags":[],"class_list":["post-5573","post","type-post","status-publish","format-standard","hentry","category-allgemein"],"_links":{"self":[{"href":"https:\/\/www.musikverein-stammheim.de\/start\/wp-json\/wp\/v2\/posts\/5573","targetHints":{"allow":["GET"]}}],"collection":[{"href":"https:\/\/www.musikverein-stammheim.de\/start\/wp-json\/wp\/v2\/posts"}],"about":[{"href":"https:\/\/www.musikverein-stammheim.de\/start\/wp-json\/wp\/v2\/types\/post"}],"author":[{"embeddable":true,"href":"https:\/\/www.musikverein-stammheim.de\/start\/wp-json\/wp\/v2\/users\/1"}],"replies":[{"embeddable":true,"href":"https:\/\/www.musikverein-stammheim.de\/start\/wp-json\/wp\/v2\/comments?post=5573"}],"version-history":[{"count":19,"href":"https:\/\/www.musikverein-stammheim.de\/start\/wp-json\/wp\/v2\/posts\/5573\/revisions"}],"predecessor-version":[{"id":6497,"href":"https:\/\/www.musikverein-stammheim.de\/start\/wp-json\/wp\/v2\/posts\/5573\/revisions\/6497"}],"wp:attachment":[{"href":"https:\/\/www.musikverein-stammheim.de\/start\/wp-json\/wp\/v2\/media?parent=5573"}],"wp:term":[{"taxonomy":"category","embeddable":true,"href":"https:\/\/www.musikverein-stammheim.de\/start\/wp-json\/wp\/v2\/categories?post=5573"},{"taxonomy":"post_tag","embeddable":true,"href":"https:\/\/www.musikverein-stammheim.de\/start\/wp-json\/wp\/v2\/tags?post=5573"}],"curies":[{"name":"wp","href":"https:\/\/api.w.org\/{rel}","templated":true}]}}